{"id":79,"date":"2016-08-01T10:26:12","date_gmt":"2016-08-01T10:26:12","guid":{"rendered":"http:\/\/fraeulein-lenz.de\/?p=79"},"modified":"2016-08-12T10:28:23","modified_gmt":"2016-08-12T10:28:23","slug":"pressebericht-in-der-winnweilerer-rundschau","status":"publish","type":"post","link":"https:\/\/www.fraulenz.de\/en\/pressebericht-in-der-winnweilerer-rundschau\/","title":{"rendered":"Pressebericht in der Winnweilerer Rundschau"},"content":{"rendered":"<p>Der erste Pressebericht nach unserer offiziellen Er\u00f6ffnung.<br \/>\nVielen Dank f\u00fcr Euer Kommen und den sch\u00f6nen Vormittag!<\/p>\n<p><img loading=\"lazy\" decoding=\"async\" class=\"alignnone size-medium wp-image-55\" src=\"http:\/\/fraeulein-lenz.de\/wp-content\/uploads\/2016\/07\/IMG_2708-300x225.jpg\" alt=\"IMG_2708\" width=\"300\" height=\"225\" \/><\/p>\n<p><a href=\"http:\/\/www.muenchweiler-alsenz.de\/index.php\/aktuelles\/allgemein\/87-anne-faber-und-carla-jennewein-gruenden-unternehmen\">http:\/\/www.muenchweiler-alsenz.de\/index.php\/aktuelles\/allgemein\/87-anne-faber-und-carla-jennewein-gruenden-unternehmen<\/a><\/p>","protected":false},"excerpt":{"rendered":"<p>Der erste Pressebericht nach unserer offiziellen Er\u00f6ffnung. Vielen Dank f\u00fcr Euer Kommen und den sch\u00f6nen Vormittag! http:\/\/www.muenchweiler-alsenz.de\/index.php\/aktuelles\/allgemein\/87-anne-faber-und-carla-jennewein-gruenden-unternehmen<\/p>","protected":false},"author":1,"featured_media":0,"comment_status":"open","ping_status":"open","sticky":false,"template":"","format":"standard","meta":{"footnotes":""},"categories":[4],"tags":[],"class_list":["post-79","post","type-post","status-publish","format-standard","hentry","category-aktuelles","post-preview"],"yoast_head":"<!-- This site is optimized with the Yoast SEO plugin v27.5 - https:\/\/yoast.com\/product\/yoast-seo-wordpress\/ -->\n<title>Pressebericht in der Winnweilerer Rundschau - Frau Lenz<\/title>\n<meta name=\"robots\" content=\"index, follow, max-snippet:-1, max-image-preview:large, max-video-preview:-1\" \/>\n<link rel=\"canonical\" href=\"https:\/\/www.fraulenz.de\/en\/pressebericht-in-der-winnweilerer-rundschau\/\" \/>\n<meta property=\"og:locale\" content=\"en_US\" \/>\n<meta property=\"og:type\" content=\"article\" \/>\n<meta property=\"og:title\" content=\"Pressebericht in der Winnweilerer Rundschau - Frau Lenz\" \/>\n<meta property=\"og:description\" content=\"Der erste Pressebericht nach unserer offiziellen Er\u00f6ffnung. Vielen Dank f\u00fcr Euer Kommen und den sch\u00f6nen Vormittag! http:\/\/www.muenchweiler-alsenz.de\/index.php\/aktuelles\/allgemein\/87-anne-faber-und-carla-jennewein-gruenden-unternehmen\" \/>\n<meta property=\"og:url\" content=\"https:\/\/www.fraulenz.de\/en\/pressebericht-in-der-winnweilerer-rundschau\/\" \/>\n<meta property=\"og:site_name\" content=\"Frau Lenz\" \/>\n<meta property=\"article:published_time\" content=\"2016-08-01T10:26:12+00:00\" \/>\n<meta property=\"article:modified_time\" content=\"2016-08-12T10:28:23+00:00\" \/>\n<meta property=\"og:image\" content=\"http:\/\/fraeulein-lenz.de\/wp-content\/uploads\/2016\/07\/IMG_2708-300x225.jpg\" \/>\n<meta name=\"author\" content=\"ErikasErben\" \/>\n<meta name=\"twitter:card\" content=\"summary_large_image\" \/>\n<meta name=\"twitter:label1\" content=\"Written by\" \/>\n\t<meta name=\"twitter:data1\" content=\"ErikasErben\" \/>\n<script type=\"application\/ld+json\" class=\"yoast-schema-graph\">{\"@context\":\"https:\\\/\\\/schema.org\",\"@graph\":[{\"@type\":\"Article\",\"@id\":\"https:\\\/\\\/www.fraulenz.de\\\/pressebericht-in-der-winnweilerer-rundschau\\\/#article\",\"isPartOf\":{\"@id\":\"https:\\\/\\\/www.fraulenz.de\\\/pressebericht-in-der-winnweilerer-rundschau\\\/\"},\"author\":{\"name\":\"ErikasErben\",\"@id\":\"https:\\\/\\\/www.fraulenz.de\\\/#\\\/schema\\\/person\\\/af06be146e0527484da4fdb998c92904\"},\"headline\":\"Pressebericht in der Winnweilerer Rundschau\",\"datePublished\":\"2016-08-01T10:26:12+00:00\",\"dateModified\":\"2016-08-12T10:28:23+00:00\",\"mainEntityOfPage\":{\"@id\":\"https:\\\/\\\/www.fraulenz.de\\\/pressebericht-in-der-winnweilerer-rundschau\\\/\"},\"wordCount\":33,\"commentCount\":0,\"publisher\":{\"@id\":\"https:\\\/\\\/www.fraulenz.de\\\/#organization\"},\"image\":{\"@id\":\"https:\\\/\\\/www.fraulenz.de\\\/pressebericht-in-der-winnweilerer-rundschau\\\/#primaryimage\"},\"thumbnailUrl\":\"http:\\\/\\\/fraeulein-lenz.de\\\/wp-content\\\/uploads\\\/2016\\\/07\\\/IMG_2708-300x225.jpg\",\"articleSection\":[\"Aktuelles\"],\"inLanguage\":\"en-US\",\"potentialAction\":[{\"@type\":\"CommentAction\",\"name\":\"Comment\",\"target\":[\"https:\\\/\\\/www.fraulenz.de\\\/pressebericht-in-der-winnweilerer-rundschau\\\/#respond\"]}]},{\"@type\":\"WebPage\",\"@id\":\"https:\\\/\\\/www.fraulenz.de\\\/pressebericht-in-der-winnweilerer-rundschau\\\/\",\"url\":\"https:\\\/\\\/www.fraulenz.de\\\/pressebericht-in-der-winnweilerer-rundschau\\\/\",\"name\":\"Pressebericht in der Winnweilerer Rundschau - Frau Lenz\",\"isPartOf\":{\"@id\":\"https:\\\/\\\/www.fraulenz.de\\\/#website\"},\"primaryImageOfPage\":{\"@id\":\"https:\\\/\\\/www.fraulenz.de\\\/pressebericht-in-der-winnweilerer-rundschau\\\/#primaryimage\"},\"image\":{\"@id\":\"https:\\\/\\\/www.fraulenz.de\\\/pressebericht-in-der-winnweilerer-rundschau\\\/#primaryimage\"},\"thumbnailUrl\":\"http:\\\/\\\/fraeulein-lenz.de\\\/wp-content\\\/uploads\\\/2016\\\/07\\\/IMG_2708-300x225.jpg\",\"datePublished\":\"2016-08-01T10:26:12+00:00\",\"dateModified\":\"2016-08-12T10:28:23+00:00\",\"breadcrumb\":{\"@id\":\"https:\\\/\\\/www.fraulenz.de\\\/pressebericht-in-der-winnweilerer-rundschau\\\/#breadcrumb\"},\"inLanguage\":\"en-US\",\"potentialAction\":[{\"@type\":\"ReadAction\",\"target\":[\"https:\\\/\\\/www.fraulenz.de\\\/pressebericht-in-der-winnweilerer-rundschau\\\/\"]}]},{\"@type\":\"ImageObject\",\"inLanguage\":\"en-US\",\"@id\":\"https:\\\/\\\/www.fraulenz.de\\\/pressebericht-in-der-winnweilerer-rundschau\\\/#primaryimage\",\"url\":\"http:\\\/\\\/fraeulein-lenz.de\\\/wp-content\\\/uploads\\\/2016\\\/07\\\/IMG_2708-300x225.jpg\",\"contentUrl\":\"http:\\\/\\\/fraeulein-lenz.de\\\/wp-content\\\/uploads\\\/2016\\\/07\\\/IMG_2708-300x225.jpg\"},{\"@type\":\"BreadcrumbList\",\"@id\":\"https:\\\/\\\/www.fraulenz.de\\\/pressebericht-in-der-winnweilerer-rundschau\\\/#breadcrumb\",\"itemListElement\":[{\"@type\":\"ListItem\",\"position\":1,\"name\":\"Startseite\",\"item\":\"https:\\\/\\\/www.fraulenz.de\\\/\"},{\"@type\":\"ListItem\",\"position\":2,\"name\":\"Pressebericht in der Winnweilerer Rundschau\"}]},{\"@type\":\"WebSite\",\"@id\":\"https:\\\/\\\/www.fraulenz.de\\\/#website\",\"url\":\"https:\\\/\\\/www.fraulenz.de\\\/\",\"name\":\"Frau Lenz\",\"description\":\"Gem\u00fcse aus dem Donnersbergkreis\",\"publisher\":{\"@id\":\"https:\\\/\\\/www.fraulenz.de\\\/#organization\"},\"potentialAction\":[{\"@type\":\"SearchAction\",\"target\":{\"@type\":\"EntryPoint\",\"urlTemplate\":\"https:\\\/\\\/www.fraulenz.de\\\/?s={search_term_string}\"},\"query-input\":{\"@type\":\"PropertyValueSpecification\",\"valueRequired\":true,\"valueName\":\"search_term_string\"}}],\"inLanguage\":\"en-US\"},{\"@type\":\"Organization\",\"@id\":\"https:\\\/\\\/www.fraulenz.de\\\/#organization\",\"name\":\"Frau Lenz\",\"url\":\"https:\\\/\\\/www.fraulenz.de\\\/\",\"logo\":{\"@type\":\"ImageObject\",\"inLanguage\":\"en-US\",\"@id\":\"https:\\\/\\\/www.fraulenz.de\\\/#\\\/schema\\\/logo\\\/image\\\/\",\"url\":\"https:\\\/\\\/www.fraulenz.de\\\/wp-content\\\/uploads\\\/2026\\\/01\\\/Logo-FrauLenz.jpg\",\"contentUrl\":\"https:\\\/\\\/www.fraulenz.de\\\/wp-content\\\/uploads\\\/2026\\\/01\\\/Logo-FrauLenz.jpg\",\"width\":334,\"height\":266,\"caption\":\"Frau Lenz\"},\"image\":{\"@id\":\"https:\\\/\\\/www.fraulenz.de\\\/#\\\/schema\\\/logo\\\/image\\\/\"}},{\"@type\":\"Person\",\"@id\":\"https:\\\/\\\/www.fraulenz.de\\\/#\\\/schema\\\/person\\\/af06be146e0527484da4fdb998c92904\",\"name\":\"ErikasErben\",\"image\":{\"@type\":\"ImageObject\",\"inLanguage\":\"en-US\",\"@id\":\"https:\\\/\\\/secure.gravatar.com\\\/avatar\\\/18abc46bb5301532a797c71e291219edbbf69cc375475f5579e4eebbdb752f9d?s=96&d=mm&r=g\",\"url\":\"https:\\\/\\\/secure.gravatar.com\\\/avatar\\\/18abc46bb5301532a797c71e291219edbbf69cc375475f5579e4eebbdb752f9d?s=96&d=mm&r=g\",\"contentUrl\":\"https:\\\/\\\/secure.gravatar.com\\\/avatar\\\/18abc46bb5301532a797c71e291219edbbf69cc375475f5579e4eebbdb752f9d?s=96&d=mm&r=g\",\"caption\":\"ErikasErben\"},\"url\":\"https:\\\/\\\/www.fraulenz.de\\\/en\\\/author\\\/erikaserben\\\/\"}]}<\/script>\n<!-- \/ Yoast SEO plugin. -->","yoast_head_json":{"title":"Pressebericht in der Winnweilerer Rundschau - Frau Lenz","robots":{"index":"index","follow":"follow","max-snippet":"max-snippet:-1","max-image-preview":"max-image-preview:large","max-video-preview":"max-video-preview:-1"},"canonical":"https:\/\/www.fraulenz.de\/en\/pressebericht-in-der-winnweilerer-rundschau\/","og_locale":"en_US","og_type":"article","og_title":"Pressebericht in der Winnweilerer Rundschau - Frau Lenz","og_description":"Der erste Pressebericht nach unserer offiziellen Er\u00f6ffnung. Vielen Dank f\u00fcr Euer Kommen und den sch\u00f6nen Vormittag! http:\/\/www.muenchweiler-alsenz.de\/index.php\/aktuelles\/allgemein\/87-anne-faber-und-carla-jennewein-gruenden-unternehmen","og_url":"https:\/\/www.fraulenz.de\/en\/pressebericht-in-der-winnweilerer-rundschau\/","og_site_name":"Frau Lenz","article_published_time":"2016-08-01T10:26:12+00:00","article_modified_time":"2016-08-12T10:28:23+00:00","og_image":[{"url":"http:\/\/fraeulein-lenz.de\/wp-content\/uploads\/2016\/07\/IMG_2708-300x225.jpg","type":"","width":"","height":""}],"author":"ErikasErben","twitter_card":"summary_large_image","twitter_misc":{"Written by":"ErikasErben"},"schema":{"@context":"https:\/\/schema.org","@graph":[{"@type":"Article","@id":"https:\/\/www.fraulenz.de\/pressebericht-in-der-winnweilerer-rundschau\/#article","isPartOf":{"@id":"https:\/\/www.fraulenz.de\/pressebericht-in-der-winnweilerer-rundschau\/"},"author":{"name":"ErikasErben","@id":"https:\/\/www.fraulenz.de\/#\/schema\/person\/af06be146e0527484da4fdb998c92904"},"headline":"Pressebericht in der Winnweilerer Rundschau","datePublished":"2016-08-01T10:26:12+00:00","dateModified":"2016-08-12T10:28:23+00:00","mainEntityOfPage":{"@id":"https:\/\/www.fraulenz.de\/pressebericht-in-der-winnweilerer-rundschau\/"},"wordCount":33,"commentCount":0,"publisher":{"@id":"https:\/\/www.fraulenz.de\/#organization"},"image":{"@id":"https:\/\/www.fraulenz.de\/pressebericht-in-der-winnweilerer-rundschau\/#primaryimage"},"thumbnailUrl":"http:\/\/fraeulein-lenz.de\/wp-content\/uploads\/2016\/07\/IMG_2708-300x225.jpg","articleSection":["Aktuelles"],"inLanguage":"en-US","potentialAction":[{"@type":"CommentAction","name":"Comment","target":["https:\/\/www.fraulenz.de\/pressebericht-in-der-winnweilerer-rundschau\/#respond"]}]},{"@type":"WebPage","@id":"https:\/\/www.fraulenz.de\/pressebericht-in-der-winnweilerer-rundschau\/","url":"https:\/\/www.fraulenz.de\/pressebericht-in-der-winnweilerer-rundschau\/","name":"Pressebericht in der Winnweilerer Rundschau - Frau Lenz","isPartOf":{"@id":"https:\/\/www.fraulenz.de\/#website"},"primaryImageOfPage":{"@id":"https:\/\/www.fraulenz.de\/pressebericht-in-der-winnweilerer-rundschau\/#primaryimage"},"image":{"@id":"https:\/\/www.fraulenz.de\/pressebericht-in-der-winnweilerer-rundschau\/#primaryimage"},"thumbnailUrl":"http:\/\/fraeulein-lenz.de\/wp-content\/uploads\/2016\/07\/IMG_2708-300x225.jpg","datePublished":"2016-08-01T10:26:12+00:00","dateModified":"2016-08-12T10:28:23+00:00","breadcrumb":{"@id":"https:\/\/www.fraulenz.de\/pressebericht-in-der-winnweilerer-rundschau\/#breadcrumb"},"inLanguage":"en-US","potentialAction":[{"@type":"ReadAction","target":["https:\/\/www.fraulenz.de\/pressebericht-in-der-winnweilerer-rundschau\/"]}]},{"@type":"ImageObject","inLanguage":"en-US","@id":"https:\/\/www.fraulenz.de\/pressebericht-in-der-winnweilerer-rundschau\/#primaryimage","url":"http:\/\/fraeulein-lenz.de\/wp-content\/uploads\/2016\/07\/IMG_2708-300x225.jpg","contentUrl":"http:\/\/fraeulein-lenz.de\/wp-content\/uploads\/2016\/07\/IMG_2708-300x225.jpg"},{"@type":"BreadcrumbList","@id":"https:\/\/www.fraulenz.de\/pressebericht-in-der-winnweilerer-rundschau\/#breadcrumb","itemListElement":[{"@type":"ListItem","position":1,"name":"Startseite","item":"https:\/\/www.fraulenz.de\/"},{"@type":"ListItem","position":2,"name":"Pressebericht in der Winnweilerer Rundschau"}]},{"@type":"WebSite","@id":"https:\/\/www.fraulenz.de\/#website","url":"https:\/\/www.fraulenz.de\/","name":"Frau Lenz","description":"Gem\u00fcse aus dem Donnersbergkreis","publisher":{"@id":"https:\/\/www.fraulenz.de\/#organization"},"potentialAction":[{"@type":"SearchAction","target":{"@type":"EntryPoint","urlTemplate":"https:\/\/www.fraulenz.de\/?s={search_term_string}"},"query-input":{"@type":"PropertyValueSpecification","valueRequired":true,"valueName":"search_term_string"}}],"inLanguage":"en-US"},{"@type":"Organization","@id":"https:\/\/www.fraulenz.de\/#organization","name":"Frau Lenz","url":"https:\/\/www.fraulenz.de\/","logo":{"@type":"ImageObject","inLanguage":"en-US","@id":"https:\/\/www.fraulenz.de\/#\/schema\/logo\/image\/","url":"https:\/\/www.fraulenz.de\/wp-content\/uploads\/2026\/01\/Logo-FrauLenz.jpg","contentUrl":"https:\/\/www.fraulenz.de\/wp-content\/uploads\/2026\/01\/Logo-FrauLenz.jpg","width":334,"height":266,"caption":"Frau Lenz"},"image":{"@id":"https:\/\/www.fraulenz.de\/#\/schema\/logo\/image\/"}},{"@type":"Person","@id":"https:\/\/www.fraulenz.de\/#\/schema\/person\/af06be146e0527484da4fdb998c92904","name":"ErikasErben","image":{"@type":"ImageObject","inLanguage":"en-US","@id":"https:\/\/secure.gravatar.com\/avatar\/18abc46bb5301532a797c71e291219edbbf69cc375475f5579e4eebbdb752f9d?s=96&d=mm&r=g","url":"https:\/\/secure.gravatar.com\/avatar\/18abc46bb5301532a797c71e291219edbbf69cc375475f5579e4eebbdb752f9d?s=96&d=mm&r=g","contentUrl":"https:\/\/secure.gravatar.com\/avatar\/18abc46bb5301532a797c71e291219edbbf69cc375475f5579e4eebbdb752f9d?s=96&d=mm&r=g","caption":"ErikasErben"},"url":"https:\/\/www.fraulenz.de\/en\/author\/erikaserben\/"}]}},"_links":{"self":[{"href":"https:\/\/www.fraulenz.de\/en\/wp-json\/wp\/v2\/posts\/79","targetHints":{"allow":["GET"]}}],"collection":[{"href":"https:\/\/www.fraulenz.de\/en\/wp-json\/wp\/v2\/posts"}],"about":[{"href":"https:\/\/www.fraulenz.de\/en\/wp-json\/wp\/v2\/types\/post"}],"author":[{"embeddable":true,"href":"https:\/\/www.fraulenz.de\/en\/wp-json\/wp\/v2\/users\/1"}],"replies":[{"embeddable":true,"href":"https:\/\/www.fraulenz.de\/en\/wp-json\/wp\/v2\/comments?post=79"}],"version-history":[{"count":1,"href":"https:\/\/www.fraulenz.de\/en\/wp-json\/wp\/v2\/posts\/79\/revisions"}],"predecessor-version":[{"id":80,"href":"https:\/\/www.fraulenz.de\/en\/wp-json\/wp\/v2\/posts\/79\/revisions\/80"}],"wp:attachment":[{"href":"https:\/\/www.fraulenz.de\/en\/wp-json\/wp\/v2\/media?parent=79"}],"wp:term":[{"taxonomy":"category","embeddable":true,"href":"https:\/\/www.fraulenz.de\/en\/wp-json\/wp\/v2\/categories?post=79"},{"taxonomy":"post_tag","embeddable":true,"href":"https:\/\/www.fraulenz.de\/en\/wp-json\/wp\/v2\/tags?post=79"}],"curies":[{"name":"wp","href":"https:\/\/api.w.org\/{rel}","templated":true}]}}