{"id":86,"date":"2016-09-09T06:07:47","date_gmt":"2016-09-09T06:07:47","guid":{"rendered":"http:\/\/fraeulein-lenz.de\/?p=86"},"modified":"2016-09-09T06:07:47","modified_gmt":"2016-09-09T06:07:47","slug":"neuigkeiten-von-fraeulein-lenz-kw36","status":"publish","type":"post","link":"https:\/\/www.fraulenz.de\/en\/neuigkeiten-von-fraeulein-lenz-kw36\/","title":{"rendered":"Neuigkeiten von fr\u00e4ulein lenz KW36"},"content":{"rendered":"<p>Liebe Freunde, liebe Kunden,<\/p>\n<p>nach dem letzten, strammen Wochenende, an dem\u00a0uns Lena gl\u00fccklicherweise geholfen hat &#8211; DANKE LENA! &#8211; freuen wir uns wieder gemeinsam auf den morgigen Sp\u00e4tsommer Samstag &amp; nat\u00fcrlich auf Euch.<\/p>\n<p>Und Ihr d\u00fcrft euch auch diese Woche wieder auf Quiche, Kuchen &amp; unsere lenz-limo freuen. Ab 9 Uhr findet Ihr uns wie immer\u00a0im Innenhof der Klosterm\u00fchle.<\/p>\n<p>Diese Woche ernten wir f\u00fcr Euch:<br \/>\nAuberginen \u00a0 \u00a0 \u00a0 \u00a0 \u00a0 \u00a0 \u00a0 \u00a0 \u00a0 \u00a0kg \u00a0 \u00a0 \u00a0 \u00a0 \u00a0 5,00 \u20ac<br \/>\nPaprika \u00a0 \u00a0 \u00a0 \u00a0 \u00a0 \u00a0 \u00a0 \u00a0 \u00a0 \u00a0 \u00a0 \u00a0 \u00a0 \u00a0 kg \u00a0 \u00a0 \u00a0 \u00a0 \u00a0 4,50 \u20ac<br \/>\nChilis \u00a0 \u00a0 \u00a0 \u00a0 \u00a0 \u00a0 \u00a0 \u00a0 \u00a0 \u00a0 \u00a0 \u00a0 \u00a0 \u00a0100g\u00a0 \u00a0 \u00a0 \u00a0 \u00a0 \u00a02,50 \u20ac<br \/>\nbunte Tomaten \u00a0 \u00a0 \u00a0 \u00a0 \u00a0 \u00a0kg \u00a0 3,50-5,00 \u20ac<br \/>\nZucchini \u00a0 \u00a0 \u00a0 \u00a0 \u00a0 \u00a0 \u00a0 \u00a0 \u00a0 \u00a0 \u00a0 \u00a0 \u00a0 kg \u00a0 \u00a0 \u00a0 \u00a0 \u00a0 2,40 \u20ac<br \/>\nM\u00f6hren \u00a0 \u00a0 \u00a0 \u00a0 \u00a0 \u00a0 \u00a0 \u00a0 \u00a0 \u00a0 \u00a0 \u00a0 \u00a0 \u00a0kg \u00a0 \u00a0 \u00a0 \u00a0 \u00a0 2,20 \u20ac<br \/>\nRote Beete \u00a0 \u00a0 \u00a0 \u00a0 \u00a0 \u00a0 \u00a0 \u00a0 \u00a0 \u00a0 kg \u00a0 \u00a0 \u00a0 \u00a0 \u00a0 \u00a02,50 \u20ac<br \/>\nFenchel \u00a0 \u00a0 \u00a0 \u00a0 \u00a0 \u00a0 \u00a0 \u00a0 \u00a0 \u00a0 \u00a0 \u00a0 \u00a0 \u00a0 kg \u00a0 \u00a0 \u00a0 \u00a0 \u00a0 4,00 \u20ac<br \/>\nRuccola \u00a0 \u00a0 \u00a0 \u00a0 \u00a0 \u00a0 \u00a0 \u00a0 \u00a0 \u00a0 \u00a0 \u00a0100g \u00a0 \u00a0 \u00a0 \u00a0 \u00a01,80 \u20ac<br \/>\nStielmus \u00a0 \u00a0 \u00a0 \u00a0 \u00a0 \u00a0 \u00a0 \u00a0 \u00a0 \u00a0 \u00a0 \u00a0 \u00a0 kg \u00a0 \u00a0 \u00a0 \u00a0 \u00a0 2,00 \u20ac<br \/>\nEistropf Salat \u00a0 \u00a0 \u00a0 \u00a0 \u00a0 \u00a0100g \u00a0 \u00a0 \u00a0 \u00a0 \u00a02,00 \u20ac<br \/>\nSalat (nur wenige !) \u00a0 St \u00a0 \u00a0 \u00a0 \u00a0 \u00a0 1,20 \u20ac<br \/>\nFris\u00e9e \u00a0 \u00a0 \u00a0 \u00a0 \u00a0 \u00a0 \u00a0 \u00a0 \u00a0 \u00a0 \u00a0 \u00a0 \u00a0 \u00a0 \u00a0 \u00a0St \u00a0 \u00a0 \u00a0 \u00a0 \u00a0 1,20 \u20ac<br \/>\nRadicchio \u00a0 \u00a0 \u00a0 \u00a0 \u00a0 \u00a0 \u00a0 \u00a0 \u00a0 \u00a0 \u00a0 \u00a0St \u00a0 \u00a0 \u00a0 \u00a0 \u00a0 1,20 \u20ac<br \/>\nbunter Mangold \u00a0 \u00a0 \u00a0 \u00a0 \u00a0 kg \u00a0 \u00a0 \u00a0 \u00a0 \u00a0 4,50 \u20ac<br \/>\nversch. K\u00fcrbisse \u00a0 \u00a0 \u00a0 \u00a0 kg \u00a0 \u00a0 \u00a0 \u00a0 \u00a0 2,80 \u20ac<br \/>\nWirsing &amp; Rotkohl \u00a0 \u00a0kg \u00a0 \u00a0 \u00a0 \u00a0 \u00a0 2,50 \u20ac<br \/>\nLauch \u00a0 \u00a0 \u00a0 \u00a0 \u00a0 \u00a0 \u00a0 \u00a0 \u00a0 \u00a0 \u00a0 \u00a0 \u00a0 \u00a0 \u00a0 \u00a0kg \u00a0\u00a0\u00a0 \u00a0 \u00a0 \u00a0\u00a03,50 \u20ac<br \/>\nFr\u00fchlingszwiebeln \u00a0 \u00a0Bd \u00a0 \u00a0 \u00a0 \u00a0 \u00a0 1,00 \u20ac<br \/>\nZwiebeln \u00a0 \u00a0 \u00a0 \u00a0 \u00a0 \u00a0 \u00a0 \u00a0 \u00a0 \u00a0 \u00a0 \u00a0 kg \u00a0 \u00a0 \u00a0 \u00a0 \u00a0 2,50 \u20ac<br \/>\nKnoblauch \u00a0 \u00a0 \u00a0 \u00a0 \u00a0 \u00a0 \u00a0 \u00a0 \u00a0 \u00a0 \u00a0St \u00a0 \u00a0 \u00a0 \u00a0 \u00a0 1,00 \u20ac<br \/>\nversch. Kr\u00e4uter \u00a0 \u00a0 \u00a0 \u00a0 \u00a0 Bd \u00a0 \u00a0 \u00a0 \u00a0 \u00a0 0,80 \u20ac<\/p>\n<p>Wir freuen uns auf Euren Besuch!<\/p>\n<p>Und wie immer: Dienstags bringen wir euch auch gerne eine\u00a0<strong>CSA<\/strong>\u00a0direkt nach Hause &#8211; von uns bunt zusammengestellt f\u00fcr 10 \u20ac oder 15 \u20ac oder Ihr packt\u00a0Eure Kiste ganz nach Euren W\u00fcnschen.\u00a0Wir freuen uns \u00fcber Eure Nachricht bei\u00a0Facebook oder auch per Email.<\/p>\n<p>Herzliche Gr\u00fc\u00dfe von\u00a0\u00a0<strong>fr\u00e4ulein lenz<\/strong><\/p>\n<p>Carla &amp; Catie<\/p>\n<p>&nbsp;<\/p>\n<p>&nbsp;<\/p>","protected":false},"excerpt":{"rendered":"<p>Liebe Freunde, liebe Kunden, nach dem letzten, strammen Wochenende, an dem\u00a0uns Lena gl\u00fccklicherweise geholfen hat &#8211; DANKE LENA! &#8211; freuen wir uns wieder gemeinsam auf den morgigen Sp\u00e4tsommer Samstag &amp; nat\u00fcrlich auf Euch. Und Ihr d\u00fcrft euch auch diese Woche wieder auf Quiche, Kuchen &amp; unsere lenz-limo freuen. Ab 9 Uhr findet Ihr uns wie [&hellip;]<\/p>\n","protected":false},"author":1,"featured_media":0,"comment_status":"open","ping_status":"open","sticky":false,"template":"","format":"standard","meta":{"footnotes":""},"categories":[4],"tags":[],"class_list":["post-86","post","type-post","status-publish","format-standard","hentry","category-aktuelles","post-preview"],"yoast_head":"<!-- This site is optimized with the Yoast SEO plugin v27.5 - https:\/\/yoast.com\/product\/yoast-seo-wordpress\/ -->\n<title>Neuigkeiten von fr\u00e4ulein lenz KW36 - Frau Lenz<\/title>\n<meta name=\"robots\" content=\"index, follow, max-snippet:-1, max-image-preview:large, max-video-preview:-1\" \/>\n<link rel=\"canonical\" href=\"https:\/\/www.fraulenz.de\/en\/neuigkeiten-von-fraeulein-lenz-kw36\/\" \/>\n<meta property=\"og:locale\" content=\"en_US\" \/>\n<meta property=\"og:type\" content=\"article\" \/>\n<meta property=\"og:title\" content=\"Neuigkeiten von fr\u00e4ulein lenz KW36 - Frau Lenz\" \/>\n<meta property=\"og:description\" content=\"Liebe Freunde, liebe Kunden, nach dem letzten, strammen Wochenende, an dem\u00a0uns Lena gl\u00fccklicherweise geholfen hat &#8211; DANKE LENA! &#8211; freuen wir uns wieder gemeinsam auf den morgigen Sp\u00e4tsommer Samstag &amp; nat\u00fcrlich auf Euch. Und Ihr d\u00fcrft euch auch diese Woche wieder auf Quiche, Kuchen &amp; unsere lenz-limo freuen. Ab 9 Uhr findet Ihr uns wie [&hellip;]\" \/>\n<meta property=\"og:url\" content=\"https:\/\/www.fraulenz.de\/en\/neuigkeiten-von-fraeulein-lenz-kw36\/\" \/>\n<meta property=\"og:site_name\" content=\"Frau Lenz\" \/>\n<meta property=\"article:published_time\" content=\"2016-09-09T06:07:47+00:00\" \/>\n<meta name=\"author\" content=\"ErikasErben\" \/>\n<meta name=\"twitter:card\" content=\"summary_large_image\" \/>\n<meta name=\"twitter:label1\" content=\"Written by\" \/>\n\t<meta name=\"twitter:data1\" content=\"ErikasErben\" \/>\n\t<meta name=\"twitter:label2\" content=\"Est. reading time\" \/>\n\t<meta name=\"twitter:data2\" content=\"1 minute\" \/>\n<script type=\"application\/ld+json\" class=\"yoast-schema-graph\">{\"@context\":\"https:\\\/\\\/schema.org\",\"@graph\":[{\"@type\":\"Article\",\"@id\":\"https:\\\/\\\/www.fraulenz.de\\\/neuigkeiten-von-fraeulein-lenz-kw36\\\/#article\",\"isPartOf\":{\"@id\":\"https:\\\/\\\/www.fraulenz.de\\\/neuigkeiten-von-fraeulein-lenz-kw36\\\/\"},\"author\":{\"name\":\"ErikasErben\",\"@id\":\"https:\\\/\\\/www.fraulenz.de\\\/#\\\/schema\\\/person\\\/af06be146e0527484da4fdb998c92904\"},\"headline\":\"Neuigkeiten von fr\u00e4ulein lenz KW36\",\"datePublished\":\"2016-09-09T06:07:47+00:00\",\"mainEntityOfPage\":{\"@id\":\"https:\\\/\\\/www.fraulenz.de\\\/neuigkeiten-von-fraeulein-lenz-kw36\\\/\"},\"wordCount\":201,\"commentCount\":0,\"publisher\":{\"@id\":\"https:\\\/\\\/www.fraulenz.de\\\/#organization\"},\"articleSection\":[\"Aktuelles\"],\"inLanguage\":\"en-US\",\"potentialAction\":[{\"@type\":\"CommentAction\",\"name\":\"Comment\",\"target\":[\"https:\\\/\\\/www.fraulenz.de\\\/neuigkeiten-von-fraeulein-lenz-kw36\\\/#respond\"]}]},{\"@type\":\"WebPage\",\"@id\":\"https:\\\/\\\/www.fraulenz.de\\\/neuigkeiten-von-fraeulein-lenz-kw36\\\/\",\"url\":\"https:\\\/\\\/www.fraulenz.de\\\/neuigkeiten-von-fraeulein-lenz-kw36\\\/\",\"name\":\"Neuigkeiten von fr\u00e4ulein lenz KW36 - Frau Lenz\",\"isPartOf\":{\"@id\":\"https:\\\/\\\/www.fraulenz.de\\\/#website\"},\"datePublished\":\"2016-09-09T06:07:47+00:00\",\"breadcrumb\":{\"@id\":\"https:\\\/\\\/www.fraulenz.de\\\/neuigkeiten-von-fraeulein-lenz-kw36\\\/#breadcrumb\"},\"inLanguage\":\"en-US\",\"potentialAction\":[{\"@type\":\"ReadAction\",\"target\":[\"https:\\\/\\\/www.fraulenz.de\\\/neuigkeiten-von-fraeulein-lenz-kw36\\\/\"]}]},{\"@type\":\"BreadcrumbList\",\"@id\":\"https:\\\/\\\/www.fraulenz.de\\\/neuigkeiten-von-fraeulein-lenz-kw36\\\/#breadcrumb\",\"itemListElement\":[{\"@type\":\"ListItem\",\"position\":1,\"name\":\"Startseite\",\"item\":\"https:\\\/\\\/www.fraulenz.de\\\/\"},{\"@type\":\"ListItem\",\"position\":2,\"name\":\"Neuigkeiten von fr\u00e4ulein lenz KW36\"}]},{\"@type\":\"WebSite\",\"@id\":\"https:\\\/\\\/www.fraulenz.de\\\/#website\",\"url\":\"https:\\\/\\\/www.fraulenz.de\\\/\",\"name\":\"Frau Lenz\",\"description\":\"Gem\u00fcse aus dem Donnersbergkreis\",\"publisher\":{\"@id\":\"https:\\\/\\\/www.fraulenz.de\\\/#organization\"},\"potentialAction\":[{\"@type\":\"SearchAction\",\"target\":{\"@type\":\"EntryPoint\",\"urlTemplate\":\"https:\\\/\\\/www.fraulenz.de\\\/?s={search_term_string}\"},\"query-input\":{\"@type\":\"PropertyValueSpecification\",\"valueRequired\":true,\"valueName\":\"search_term_string\"}}],\"inLanguage\":\"en-US\"},{\"@type\":\"Organization\",\"@id\":\"https:\\\/\\\/www.fraulenz.de\\\/#organization\",\"name\":\"Frau Lenz\",\"url\":\"https:\\\/\\\/www.fraulenz.de\\\/\",\"logo\":{\"@type\":\"ImageObject\",\"inLanguage\":\"en-US\",\"@id\":\"https:\\\/\\\/www.fraulenz.de\\\/#\\\/schema\\\/logo\\\/image\\\/\",\"url\":\"https:\\\/\\\/www.fraulenz.de\\\/wp-content\\\/uploads\\\/2026\\\/01\\\/Logo-FrauLenz.jpg\",\"contentUrl\":\"https:\\\/\\\/www.fraulenz.de\\\/wp-content\\\/uploads\\\/2026\\\/01\\\/Logo-FrauLenz.jpg\",\"width\":334,\"height\":266,\"caption\":\"Frau Lenz\"},\"image\":{\"@id\":\"https:\\\/\\\/www.fraulenz.de\\\/#\\\/schema\\\/logo\\\/image\\\/\"}},{\"@type\":\"Person\",\"@id\":\"https:\\\/\\\/www.fraulenz.de\\\/#\\\/schema\\\/person\\\/af06be146e0527484da4fdb998c92904\",\"name\":\"ErikasErben\",\"image\":{\"@type\":\"ImageObject\",\"inLanguage\":\"en-US\",\"@id\":\"https:\\\/\\\/secure.gravatar.com\\\/avatar\\\/18abc46bb5301532a797c71e291219edbbf69cc375475f5579e4eebbdb752f9d?s=96&d=mm&r=g\",\"url\":\"https:\\\/\\\/secure.gravatar.com\\\/avatar\\\/18abc46bb5301532a797c71e291219edbbf69cc375475f5579e4eebbdb752f9d?s=96&d=mm&r=g\",\"contentUrl\":\"https:\\\/\\\/secure.gravatar.com\\\/avatar\\\/18abc46bb5301532a797c71e291219edbbf69cc375475f5579e4eebbdb752f9d?s=96&d=mm&r=g\",\"caption\":\"ErikasErben\"},\"url\":\"https:\\\/\\\/www.fraulenz.de\\\/en\\\/author\\\/erikaserben\\\/\"}]}<\/script>\n<!-- \/ Yoast SEO plugin. -->","yoast_head_json":{"title":"Neuigkeiten von fr\u00e4ulein lenz KW36 - Frau Lenz","robots":{"index":"index","follow":"follow","max-snippet":"max-snippet:-1","max-image-preview":"max-image-preview:large","max-video-preview":"max-video-preview:-1"},"canonical":"https:\/\/www.fraulenz.de\/en\/neuigkeiten-von-fraeulein-lenz-kw36\/","og_locale":"en_US","og_type":"article","og_title":"Neuigkeiten von fr\u00e4ulein lenz KW36 - Frau Lenz","og_description":"Liebe Freunde, liebe Kunden, nach dem letzten, strammen Wochenende, an dem\u00a0uns Lena gl\u00fccklicherweise geholfen hat &#8211; DANKE LENA! &#8211; freuen wir uns wieder gemeinsam auf den morgigen Sp\u00e4tsommer Samstag &amp; nat\u00fcrlich auf Euch. Und Ihr d\u00fcrft euch auch diese Woche wieder auf Quiche, Kuchen &amp; unsere lenz-limo freuen. Ab 9 Uhr findet Ihr uns wie [&hellip;]","og_url":"https:\/\/www.fraulenz.de\/en\/neuigkeiten-von-fraeulein-lenz-kw36\/","og_site_name":"Frau Lenz","article_published_time":"2016-09-09T06:07:47+00:00","author":"ErikasErben","twitter_card":"summary_large_image","twitter_misc":{"Written by":"ErikasErben","Est. reading time":"1 minute"},"schema":{"@context":"https:\/\/schema.org","@graph":[{"@type":"Article","@id":"https:\/\/www.fraulenz.de\/neuigkeiten-von-fraeulein-lenz-kw36\/#article","isPartOf":{"@id":"https:\/\/www.fraulenz.de\/neuigkeiten-von-fraeulein-lenz-kw36\/"},"author":{"name":"ErikasErben","@id":"https:\/\/www.fraulenz.de\/#\/schema\/person\/af06be146e0527484da4fdb998c92904"},"headline":"Neuigkeiten von fr\u00e4ulein lenz KW36","datePublished":"2016-09-09T06:07:47+00:00","mainEntityOfPage":{"@id":"https:\/\/www.fraulenz.de\/neuigkeiten-von-fraeulein-lenz-kw36\/"},"wordCount":201,"commentCount":0,"publisher":{"@id":"https:\/\/www.fraulenz.de\/#organization"},"articleSection":["Aktuelles"],"inLanguage":"en-US","potentialAction":[{"@type":"CommentAction","name":"Comment","target":["https:\/\/www.fraulenz.de\/neuigkeiten-von-fraeulein-lenz-kw36\/#respond"]}]},{"@type":"WebPage","@id":"https:\/\/www.fraulenz.de\/neuigkeiten-von-fraeulein-lenz-kw36\/","url":"https:\/\/www.fraulenz.de\/neuigkeiten-von-fraeulein-lenz-kw36\/","name":"Neuigkeiten von fr\u00e4ulein lenz KW36 - Frau Lenz","isPartOf":{"@id":"https:\/\/www.fraulenz.de\/#website"},"datePublished":"2016-09-09T06:07:47+00:00","breadcrumb":{"@id":"https:\/\/www.fraulenz.de\/neuigkeiten-von-fraeulein-lenz-kw36\/#breadcrumb"},"inLanguage":"en-US","potentialAction":[{"@type":"ReadAction","target":["https:\/\/www.fraulenz.de\/neuigkeiten-von-fraeulein-lenz-kw36\/"]}]},{"@type":"BreadcrumbList","@id":"https:\/\/www.fraulenz.de\/neuigkeiten-von-fraeulein-lenz-kw36\/#breadcrumb","itemListElement":[{"@type":"ListItem","position":1,"name":"Startseite","item":"https:\/\/www.fraulenz.de\/"},{"@type":"ListItem","position":2,"name":"Neuigkeiten von fr\u00e4ulein lenz KW36"}]},{"@type":"WebSite","@id":"https:\/\/www.fraulenz.de\/#website","url":"https:\/\/www.fraulenz.de\/","name":"Frau Lenz","description":"Gem\u00fcse aus dem Donnersbergkreis","publisher":{"@id":"https:\/\/www.fraulenz.de\/#organization"},"potentialAction":[{"@type":"SearchAction","target":{"@type":"EntryPoint","urlTemplate":"https:\/\/www.fraulenz.de\/?s={search_term_string}"},"query-input":{"@type":"PropertyValueSpecification","valueRequired":true,"valueName":"search_term_string"}}],"inLanguage":"en-US"},{"@type":"Organization","@id":"https:\/\/www.fraulenz.de\/#organization","name":"Frau Lenz","url":"https:\/\/www.fraulenz.de\/","logo":{"@type":"ImageObject","inLanguage":"en-US","@id":"https:\/\/www.fraulenz.de\/#\/schema\/logo\/image\/","url":"https:\/\/www.fraulenz.de\/wp-content\/uploads\/2026\/01\/Logo-FrauLenz.jpg","contentUrl":"https:\/\/www.fraulenz.de\/wp-content\/uploads\/2026\/01\/Logo-FrauLenz.jpg","width":334,"height":266,"caption":"Frau Lenz"},"image":{"@id":"https:\/\/www.fraulenz.de\/#\/schema\/logo\/image\/"}},{"@type":"Person","@id":"https:\/\/www.fraulenz.de\/#\/schema\/person\/af06be146e0527484da4fdb998c92904","name":"ErikasErben","image":{"@type":"ImageObject","inLanguage":"en-US","@id":"https:\/\/secure.gravatar.com\/avatar\/18abc46bb5301532a797c71e291219edbbf69cc375475f5579e4eebbdb752f9d?s=96&d=mm&r=g","url":"https:\/\/secure.gravatar.com\/avatar\/18abc46bb5301532a797c71e291219edbbf69cc375475f5579e4eebbdb752f9d?s=96&d=mm&r=g","contentUrl":"https:\/\/secure.gravatar.com\/avatar\/18abc46bb5301532a797c71e291219edbbf69cc375475f5579e4eebbdb752f9d?s=96&d=mm&r=g","caption":"ErikasErben"},"url":"https:\/\/www.fraulenz.de\/en\/author\/erikaserben\/"}]}},"_links":{"self":[{"href":"https:\/\/www.fraulenz.de\/en\/wp-json\/wp\/v2\/posts\/86","targetHints":{"allow":["GET"]}}],"collection":[{"href":"https:\/\/www.fraulenz.de\/en\/wp-json\/wp\/v2\/posts"}],"about":[{"href":"https:\/\/www.fraulenz.de\/en\/wp-json\/wp\/v2\/types\/post"}],"author":[{"embeddable":true,"href":"https:\/\/www.fraulenz.de\/en\/wp-json\/wp\/v2\/users\/1"}],"replies":[{"embeddable":true,"href":"https:\/\/www.fraulenz.de\/en\/wp-json\/wp\/v2\/comments?post=86"}],"version-history":[{"count":3,"href":"https:\/\/www.fraulenz.de\/en\/wp-json\/wp\/v2\/posts\/86\/revisions"}],"predecessor-version":[{"id":89,"href":"https:\/\/www.fraulenz.de\/en\/wp-json\/wp\/v2\/posts\/86\/revisions\/89"}],"wp:attachment":[{"href":"https:\/\/www.fraulenz.de\/en\/wp-json\/wp\/v2\/media?parent=86"}],"wp:term":[{"taxonomy":"category","embeddable":true,"href":"https:\/\/www.fraulenz.de\/en\/wp-json\/wp\/v2\/categories?post=86"},{"taxonomy":"post_tag","embeddable":true,"href":"https:\/\/www.fraulenz.de\/en\/wp-json\/wp\/v2\/tags?post=86"}],"curies":[{"name":"wp","href":"https:\/\/api.w.org\/{rel}","templated":true}]}}